{"id":263,"date":"2025-05-20T19:47:50","date_gmt":"2025-05-20T19:47:50","guid":{"rendered":"https:\/\/www.melopienso.com\/?p=263"},"modified":"2025-05-20T20:01:47","modified_gmt":"2025-05-20T20:01:47","slug":"mi-perro-no-para-de-rascarse-y-morderse-sabes-por-que","status":"publish","type":"post","link":"https:\/\/www.melopienso.com\/blog\/perros\/veterinaria\/rascarse-morderse\/","title":{"rendered":"Mi perro no para de rascarse y morderse \u00bfSabes por qu\u00e9?"},"content":{"rendered":"\n<p>Con la llegada de la primavera, es normal que los perros comiencen a presentar s\u00edntomas del cambio ambiental que supone pasar de estaci\u00f3n. Si tu duda es, mi\u00a0perro no para de rascarse y morderse\u00a0y no sabes por qu\u00e9, aqu\u00ed te dejamos algunas posibles\u00a0causas y soluciones\u00a0al problema, ya que al fin y al cabo, ambos padecemos el sufrimiento.<\/p>\n\n\n\n<h2 class=\"wp-block-heading\">C\u00f3mo afectan las alergias a mi perro<\/h2>\n\n\n\n<p>Nuestras perros, al igual que los humanos, pueden padecer alergias muy similares a las nuestras pero, la diferencia m\u00e1s importante, es la forma en la manifestamos cada uno dichas alergias. Los perros tienen una piel muy sensible, sobre todo las razas con piel muy fina, y suele ser el \u00f3rgano que reacciona primero cuando se presentan cambios medioambientales o externos.<\/p>\n\n\n\n<p>En el caso de los humanos, nuestro sistema cardiorespiratorio es el primero en manifestar s\u00edntomas de alergias y de otros factores externos, pero a veces, hasta que no vemos la reacci\u00f3n en la piel no comenzamos a determinar la causa. Empezamos con estornudos, tosemos, nos pica la nariz y los ojos y dichos s\u00edntomas, pueden darnos los primeros indicios que necesitar\u00e1 nuestro m\u00e9dico para determinar la causa.<\/p>\n\n\n\n<h2 class=\"wp-block-heading\">\u00bfPuede ser la dermatitis la causa de su problema? Principal causa por la que mi perro no para de rascarse y morderse<\/h2>\n\n\n\n<p>La dermatitis canina es una enfermedad que puede ser causada por una predisposici\u00f3n gen\u00e9tica, por el estilo de vida del perro o por contacto con alg\u00fan factor externo. De hecho, seg\u00fan las investigaciones, causan entre el 70% \u2013 90% de las patolog\u00edas relacionadas con la piel, respecto al 10% \u2013 30% de las derivadas por alergias alimentarias. Se presenta con el enrojecimiento de una zona de la piel que provoca picor. Con el posterior rascado, aparecen heridas que luego son infectadas por bacterias y empeoran mucho el problema.<\/p>\n\n\n\n<p>Aunque exista much\u00edsima informaci\u00f3n en internet, para definir adecuadamente el tipo de enfermedad a la que nos enfrentamos, debemos acudir a una visita veterinaria para que realicen las pruebas necesarias y receten un tratamiento acorde.<\/p>\n\n\n\n<p>Existen soluciones para controlar la dermatitis en los perros. Podemos evitar el desarrollo de la dermatitis haciendo lo siguiente:<\/p>\n\n\n\n<ul class=\"wp-block-list\">\n<li>Aumentando el nivel de actividad del perro<\/li>\n\n\n\n<li>Evitando situaciones de aburrimiento<\/li>\n\n\n\n<li>Evitando el estr\u00e9s y la ansiedad<\/li>\n\n\n\n<li>Utilizar antiparasitarios para controlar y prevenir infestaciones<\/li>\n\n\n\n<li>Revisar la piel de nuestro perro en busca de heridas que puedan infectarse<\/li>\n\n\n\n<li>Mantener un control exhaustivo y frecuente de la piel. (Puedes consultar este post sobre masajes para perros para as\u00ed revisar con frecuencia tu cuerpo y piel).<\/li>\n\n\n\n<li>Las perlitas de aceites grasos de pescado (omega 3 y omega 6) son muy buenas para la piel de los perros.<\/li>\n<\/ul>\n\n\n\n<p>Lo primero que debemos hacer es conocer para luego descartar, los factores ambientales y alimentarios que afectan a nuestro perro.<\/p>\n\n\n\n<h2 class=\"wp-block-heading\">C\u00f3mo afectan los factores ambientales a mi perro<\/h2>\n\n\n\n<p>Una causa que provoca que el perro comience a rascarse y morderse es por la presencia de alg\u00fan tipo de ectopar\u00e1sito, como pueden ser las garrapatas, chinches o las pulgas. Debemos lavar muy bien todo lo que est\u00e9 en contacto con nuestra mascota, en especial su cama y mantas, donde suelen pasar gran parte del d\u00eda. Por suerte, existen multitud de productos dise\u00f1ados espec\u00edficamente para prevenir y tratar los problemas causados por ectopar\u00e1sitos externos.<\/p>\n\n\n\n<p>Estos bichos se alimentan de la sangre evitando que \u00e9sta se coagule, lo que provoca los picores y consiguientes heridas y p\u00e9rdidas de pelo. Estos tratamientos siempre deben estar supervisados por un veterinario y sobre todo, asegurarnos de que el producto elegido es adecuado para la raza, peso y caracter\u00edsticas de nuestro perro. Si damos con el tratamiento equivocado, nuestro perro puede desarrollar nuevos s\u00edntomas debido a la agresividad de los tratamientos antiparasitarios.<\/p>\n\n\n\n<p>Los perros pueden tener alergias a cosas tan comunes como las flores, plantas y como no, el temido polen. Caminan a una distancia muy corta del suelo y siempre est\u00e1n correteando por las hierbas, arbustos y revolc\u00e1ndose en los prados o jardines, \u00a1sobre todo cuando est\u00e1n fresquitos!<\/p>\n\n\n\n<p>Sus s\u00edntomas comienzan con el picor en la piel y pueden evolucionar en moqueos, irritaci\u00f3n de ojos y estornudos. Para ello recomendamos escoger muy bien las zonas donde paseamos con nuestro perro y las plantas que tengamos en el jard\u00edn, terraza o balc\u00f3n. Las plantas con polen pesado son las m\u00e1s indicadas para las alergias en general.<\/p>\n\n\n\n<h2 class=\"wp-block-heading\">C\u00f3mo afecta la comida a las alergias de nuestras mascotas<\/h2>\n\n\n\n<p>En el mercado existen una gran variedad de productos con infinidad de ingredientes. Los cambios en la alimentaci\u00f3n son una de las principales causas que producen picores y rojeces en la piel. Si esto ocurre, comprueba la etiqueta del producto y compara los ingredientes respecto a su comida anterior, de esta manera podremos ir descartando y quiz\u00e1s conocer los alimentos que no tolera o por lo menos, saber los que s\u00ed tolera bas\u00e1ndonos en su comida anterior.<\/p>\n\n\n\n<p>La presencia de ma\u00edz, trigo, l\u00e1cteos y cereales son alimentos casi siempre presentes en piensos de todas las gamas y en algunos casos, son los causantes de las alergias alimentarias en los perros. Los perros son animales que descienden de los lobos, animales totalmente carn\u00edvoros que tienen un tracto digestivo m\u00e1s corto y menos complejo que el de los humanos, lo que les permite digerir muy bien las prote\u00ednas y no tan bien los granos y cereales (alimentos que los perros han incorporado muy recientemente a su dieta). Para ello, tenemos a nuestra disposici\u00f3n piensos hipoalerg\u00e9nicos que excluyen muchos de estos productos y simplifican sus recetas.<\/p>\n\n\n\n<p>Tampoco debemos confundir una alergia a un determinado ingrediente con una intolerancia alimentaria.<\/p>\n\n\n\n<p>Alergia a un ingrediente: Ocurre cuando el sistema inmunol\u00f3gico del perro identifica un determinado ingrediente como una amenaza para su sistema y provoca una reacci\u00f3n (se manifiesta con picor y rojez en la piel).<\/p>\n\n\n\n<p>Intolerancia alimentaria: Normalmente provocada cuando el sistema digestivo del perro no puede metabolizar un determinado ingrediente y provoca gases, diarreas, inflamaci\u00f3n y v\u00f3mitos.<\/p>\n\n\n\n<p>Esperamos que os haya resultado interesante y \u00fatil el art\u00edculo. Si os gustar\u00eda comentar, a\u00f1adir o compartir vuestros conocimientos y experiencias nos ser\u00eda de gran utilidad! \u00a1Nuestro objetivo es despertar inquietudes y proponer soluciones para mejorar la calidad de vida de nuestros perros!<\/p>\n\n\n\n<p>\u00a1Suscr\u00edbete para recibir todas las novedades en tu email!<\/p>\n","protected":false},"excerpt":{"rendered":"<p>Con la llegada de la primavera, es normal que los perros comiencen a presentar s\u00edntomas del cambio ambiental que supone pasar de estaci\u00f3n. Si tu duda es, mi\u00a0perro no para de rascarse y morderse\u00a0y no sabes por qu\u00e9, aqu\u00ed te dejamos algunas posibles\u00a0causas y soluciones\u00a0al problema, ya que al fin [&hellip;]<\/p>\n","protected":false},"author":1,"featured_media":264,"comment_status":"closed","ping_status":"closed","sticky":false,"template":"","format":"standard","meta":{"footnotes":""},"categories":[1],"tags":[],"class_list":["post-263","post","type-post","status-publish","format-standard","has-post-thumbnail","hentry","category-uncategorized"],"yoast_head":"<!-- This site is optimized with the Yoast SEO plugin v25.1 - https:\/\/yoast.com\/wordpress\/plugins\/seo\/ -->\n<title>Mi perro no para de rascarse y morderse \u00bfSabes por qu\u00e9? - www.melopienso.com<\/title>\n<meta name=\"description\" content=\"Con la llegada de la primavera, es normal que los perros comiencen a presentar s\u00edntomas del cambio ambiental\" \/>\n<meta name=\"robots\" content=\"index, follow, max-snippet:-1, max-image-preview:large, max-video-preview:-1\" \/>\n<link rel=\"canonical\" href=\"https:\/\/www.melopienso.com\/blog\/perros\/veterinaria\/rascarse-morderse\/\" \/>\n<meta property=\"og:locale\" content=\"en_US\" \/>\n<meta property=\"og:type\" content=\"article\" \/>\n<meta property=\"og:title\" content=\"Mi perro no para de rascarse y morderse \u00bfSabes por qu\u00e9? - www.melopienso.com\" \/>\n<meta property=\"og:description\" content=\"Con la llegada de la primavera, es normal que los perros comiencen a presentar s\u00edntomas del cambio ambiental\" \/>\n<meta property=\"og:url\" content=\"https:\/\/www.melopienso.com\/blog\/perros\/veterinaria\/rascarse-morderse\/\" \/>\n<meta property=\"og:site_name\" content=\"www.melopienso.com\" \/>\n<meta property=\"article:published_time\" content=\"2025-05-20T19:47:50+00:00\" \/>\n<meta property=\"article:modified_time\" content=\"2025-05-20T20:01:47+00:00\" \/>\n<meta property=\"og:image\" content=\"https:\/\/www.melopienso.com\/wp-content\/uploads\/2025\/05\/perro-rascandose.jpg\" \/>\n\t<meta property=\"og:image:width\" content=\"600\" \/>\n\t<meta property=\"og:image:height\" content=\"400\" \/>\n\t<meta property=\"og:image:type\" content=\"image\/jpeg\" \/>\n<meta name=\"author\" content=\"admin\" \/>\n<meta name=\"twitter:card\" content=\"summary_large_image\" \/>\n<meta name=\"twitter:label1\" content=\"Written by\" \/>\n\t<meta name=\"twitter:data1\" content=\"admin\" \/>\n\t<meta name=\"twitter:label2\" content=\"Est. reading time\" \/>\n\t<meta name=\"twitter:data2\" content=\"5 minutes\" \/>\n<script type=\"application\/ld+json\" class=\"yoast-schema-graph\">{\"@context\":\"https:\/\/schema.org\",\"@graph\":[{\"@type\":\"Article\",\"@id\":\"https:\/\/www.melopienso.com\/blog\/perros\/veterinaria\/rascarse-morderse\/#article\",\"isPartOf\":{\"@id\":\"https:\/\/www.melopienso.com\/blog\/perros\/veterinaria\/rascarse-morderse\/\"},\"author\":{\"name\":\"admin\",\"@id\":\"https:\/\/www.melopienso.com\/#\/schema\/person\/431729a56194dcfc7971959b836c92c9\"},\"headline\":\"Mi perro no para de rascarse y morderse \u00bfSabes por qu\u00e9?\",\"datePublished\":\"2025-05-20T19:47:50+00:00\",\"dateModified\":\"2025-05-20T20:01:47+00:00\",\"mainEntityOfPage\":{\"@id\":\"https:\/\/www.melopienso.com\/blog\/perros\/veterinaria\/rascarse-morderse\/\"},\"wordCount\":1094,\"publisher\":{\"@id\":\"https:\/\/www.melopienso.com\/#organization\"},\"image\":{\"@id\":\"https:\/\/www.melopienso.com\/blog\/perros\/veterinaria\/rascarse-morderse\/#primaryimage\"},\"thumbnailUrl\":\"https:\/\/www.melopienso.com\/wp-content\/uploads\/2025\/05\/perro-rascandose.jpg\",\"inLanguage\":\"en-US\"},{\"@type\":\"WebPage\",\"@id\":\"https:\/\/www.melopienso.com\/blog\/perros\/veterinaria\/rascarse-morderse\/\",\"url\":\"https:\/\/www.melopienso.com\/blog\/perros\/veterinaria\/rascarse-morderse\/\",\"name\":\"Mi perro no para de rascarse y morderse \u00bfSabes por qu\u00e9? - www.melopienso.com\",\"isPartOf\":{\"@id\":\"https:\/\/www.melopienso.com\/#website\"},\"primaryImageOfPage\":{\"@id\":\"https:\/\/www.melopienso.com\/blog\/perros\/veterinaria\/rascarse-morderse\/#primaryimage\"},\"image\":{\"@id\":\"https:\/\/www.melopienso.com\/blog\/perros\/veterinaria\/rascarse-morderse\/#primaryimage\"},\"thumbnailUrl\":\"https:\/\/www.melopienso.com\/wp-content\/uploads\/2025\/05\/perro-rascandose.jpg\",\"datePublished\":\"2025-05-20T19:47:50+00:00\",\"dateModified\":\"2025-05-20T20:01:47+00:00\",\"description\":\"Con la llegada de la primavera, es normal que los perros comiencen a presentar s\u00edntomas del cambio ambiental\",\"breadcrumb\":{\"@id\":\"https:\/\/www.melopienso.com\/blog\/perros\/veterinaria\/rascarse-morderse\/#breadcrumb\"},\"inLanguage\":\"en-US\",\"potentialAction\":[{\"@type\":\"ReadAction\",\"target\":[\"https:\/\/www.melopienso.com\/blog\/perros\/veterinaria\/rascarse-morderse\/\"]}]},{\"@type\":\"ImageObject\",\"inLanguage\":\"en-US\",\"@id\":\"https:\/\/www.melopienso.com\/blog\/perros\/veterinaria\/rascarse-morderse\/#primaryimage\",\"url\":\"https:\/\/www.melopienso.com\/wp-content\/uploads\/2025\/05\/perro-rascandose.jpg\",\"contentUrl\":\"https:\/\/www.melopienso.com\/wp-content\/uploads\/2025\/05\/perro-rascandose.jpg\",\"width\":600,\"height\":400,\"caption\":\"Mi perro no para de rascarse y morderse \u00bfSabes por qu\u00e9?\"},{\"@type\":\"BreadcrumbList\",\"@id\":\"https:\/\/www.melopienso.com\/blog\/perros\/veterinaria\/rascarse-morderse\/#breadcrumb\",\"itemListElement\":[{\"@type\":\"ListItem\",\"position\":1,\"name\":\"Home\",\"item\":\"https:\/\/www.melopienso.com\/\"},{\"@type\":\"ListItem\",\"position\":2,\"name\":\"Mi perro no para de rascarse y morderse \u00bfSabes por qu\u00e9?\"}]},{\"@type\":\"WebSite\",\"@id\":\"https:\/\/www.melopienso.com\/#website\",\"url\":\"https:\/\/www.melopienso.com\/\",\"name\":\"www.melopienso.com\",\"description\":\"\",\"publisher\":{\"@id\":\"https:\/\/www.melopienso.com\/#organization\"},\"potentialAction\":[{\"@type\":\"SearchAction\",\"target\":{\"@type\":\"EntryPoint\",\"urlTemplate\":\"https:\/\/www.melopienso.com\/?s={search_term_string}\"},\"query-input\":{\"@type\":\"PropertyValueSpecification\",\"valueRequired\":true,\"valueName\":\"search_term_string\"}}],\"inLanguage\":\"en-US\"},{\"@type\":\"Organization\",\"@id\":\"https:\/\/www.melopienso.com\/#organization\",\"name\":\"www.melopienso.com\",\"url\":\"https:\/\/www.melopienso.com\/\",\"logo\":{\"@type\":\"ImageObject\",\"inLanguage\":\"en-US\",\"@id\":\"https:\/\/www.melopienso.com\/#\/schema\/logo\/image\/\",\"url\":\"https:\/\/www.melopienso.com\/wp-content\/uploads\/2025\/05\/melopienso-logo-white-1.png\",\"contentUrl\":\"https:\/\/www.melopienso.com\/wp-content\/uploads\/2025\/05\/melopienso-logo-white-1.png\",\"width\":136,\"height\":33,\"caption\":\"www.melopienso.com\"},\"image\":{\"@id\":\"https:\/\/www.melopienso.com\/#\/schema\/logo\/image\/\"}},{\"@type\":\"Person\",\"@id\":\"https:\/\/www.melopienso.com\/#\/schema\/person\/431729a56194dcfc7971959b836c92c9\",\"name\":\"admin\",\"image\":{\"@type\":\"ImageObject\",\"inLanguage\":\"en-US\",\"@id\":\"https:\/\/www.melopienso.com\/#\/schema\/person\/image\/\",\"url\":\"https:\/\/secure.gravatar.com\/avatar\/c9b74008f296d496ba444bea1e9c9270ecb4c0d2322a2d305f99549bb5ea420f?s=96&d=mm&r=g\",\"contentUrl\":\"https:\/\/secure.gravatar.com\/avatar\/c9b74008f296d496ba444bea1e9c9270ecb4c0d2322a2d305f99549bb5ea420f?s=96&d=mm&r=g\",\"caption\":\"admin\"},\"sameAs\":[\"https:\/\/www.melopienso.com\"],\"url\":\"https:\/\/www.melopienso.com\/index.php\/author\/admin\/\"}]}<\/script>\n<!-- \/ Yoast SEO plugin. -->","yoast_head_json":{"title":"Mi perro no para de rascarse y morderse \u00bfSabes por qu\u00e9? - www.melopienso.com","description":"Con la llegada de la primavera, es normal que los perros comiencen a presentar s\u00edntomas del cambio ambiental","robots":{"index":"index","follow":"follow","max-snippet":"max-snippet:-1","max-image-preview":"max-image-preview:large","max-video-preview":"max-video-preview:-1"},"canonical":"https:\/\/www.melopienso.com\/blog\/perros\/veterinaria\/rascarse-morderse\/","og_locale":"en_US","og_type":"article","og_title":"Mi perro no para de rascarse y morderse \u00bfSabes por qu\u00e9? - www.melopienso.com","og_description":"Con la llegada de la primavera, es normal que los perros comiencen a presentar s\u00edntomas del cambio ambiental","og_url":"https:\/\/www.melopienso.com\/blog\/perros\/veterinaria\/rascarse-morderse\/","og_site_name":"www.melopienso.com","article_published_time":"2025-05-20T19:47:50+00:00","article_modified_time":"2025-05-20T20:01:47+00:00","og_image":[{"width":600,"height":400,"url":"https:\/\/www.melopienso.com\/wp-content\/uploads\/2025\/05\/perro-rascandose.jpg","type":"image\/jpeg"}],"author":"admin","twitter_card":"summary_large_image","twitter_misc":{"Written by":"admin","Est. reading time":"5 minutes"},"schema":{"@context":"https:\/\/schema.org","@graph":[{"@type":"Article","@id":"https:\/\/www.melopienso.com\/blog\/perros\/veterinaria\/rascarse-morderse\/#article","isPartOf":{"@id":"https:\/\/www.melopienso.com\/blog\/perros\/veterinaria\/rascarse-morderse\/"},"author":{"name":"admin","@id":"https:\/\/www.melopienso.com\/#\/schema\/person\/431729a56194dcfc7971959b836c92c9"},"headline":"Mi perro no para de rascarse y morderse \u00bfSabes por qu\u00e9?","datePublished":"2025-05-20T19:47:50+00:00","dateModified":"2025-05-20T20:01:47+00:00","mainEntityOfPage":{"@id":"https:\/\/www.melopienso.com\/blog\/perros\/veterinaria\/rascarse-morderse\/"},"wordCount":1094,"publisher":{"@id":"https:\/\/www.melopienso.com\/#organization"},"image":{"@id":"https:\/\/www.melopienso.com\/blog\/perros\/veterinaria\/rascarse-morderse\/#primaryimage"},"thumbnailUrl":"https:\/\/www.melopienso.com\/wp-content\/uploads\/2025\/05\/perro-rascandose.jpg","inLanguage":"en-US"},{"@type":"WebPage","@id":"https:\/\/www.melopienso.com\/blog\/perros\/veterinaria\/rascarse-morderse\/","url":"https:\/\/www.melopienso.com\/blog\/perros\/veterinaria\/rascarse-morderse\/","name":"Mi perro no para de rascarse y morderse \u00bfSabes por qu\u00e9? - www.melopienso.com","isPartOf":{"@id":"https:\/\/www.melopienso.com\/#website"},"primaryImageOfPage":{"@id":"https:\/\/www.melopienso.com\/blog\/perros\/veterinaria\/rascarse-morderse\/#primaryimage"},"image":{"@id":"https:\/\/www.melopienso.com\/blog\/perros\/veterinaria\/rascarse-morderse\/#primaryimage"},"thumbnailUrl":"https:\/\/www.melopienso.com\/wp-content\/uploads\/2025\/05\/perro-rascandose.jpg","datePublished":"2025-05-20T19:47:50+00:00","dateModified":"2025-05-20T20:01:47+00:00","description":"Con la llegada de la primavera, es normal que los perros comiencen a presentar s\u00edntomas del cambio ambiental","breadcrumb":{"@id":"https:\/\/www.melopienso.com\/blog\/perros\/veterinaria\/rascarse-morderse\/#breadcrumb"},"inLanguage":"en-US","potentialAction":[{"@type":"ReadAction","target":["https:\/\/www.melopienso.com\/blog\/perros\/veterinaria\/rascarse-morderse\/"]}]},{"@type":"ImageObject","inLanguage":"en-US","@id":"https:\/\/www.melopienso.com\/blog\/perros\/veterinaria\/rascarse-morderse\/#primaryimage","url":"https:\/\/www.melopienso.com\/wp-content\/uploads\/2025\/05\/perro-rascandose.jpg","contentUrl":"https:\/\/www.melopienso.com\/wp-content\/uploads\/2025\/05\/perro-rascandose.jpg","width":600,"height":400,"caption":"Mi perro no para de rascarse y morderse \u00bfSabes por qu\u00e9?"},{"@type":"BreadcrumbList","@id":"https:\/\/www.melopienso.com\/blog\/perros\/veterinaria\/rascarse-morderse\/#breadcrumb","itemListElement":[{"@type":"ListItem","position":1,"name":"Home","item":"https:\/\/www.melopienso.com\/"},{"@type":"ListItem","position":2,"name":"Mi perro no para de rascarse y morderse \u00bfSabes por qu\u00e9?"}]},{"@type":"WebSite","@id":"https:\/\/www.melopienso.com\/#website","url":"https:\/\/www.melopienso.com\/","name":"www.melopienso.com","description":"","publisher":{"@id":"https:\/\/www.melopienso.com\/#organization"},"potentialAction":[{"@type":"SearchAction","target":{"@type":"EntryPoint","urlTemplate":"https:\/\/www.melopienso.com\/?s={search_term_string}"},"query-input":{"@type":"PropertyValueSpecification","valueRequired":true,"valueName":"search_term_string"}}],"inLanguage":"en-US"},{"@type":"Organization","@id":"https:\/\/www.melopienso.com\/#organization","name":"www.melopienso.com","url":"https:\/\/www.melopienso.com\/","logo":{"@type":"ImageObject","inLanguage":"en-US","@id":"https:\/\/www.melopienso.com\/#\/schema\/logo\/image\/","url":"https:\/\/www.melopienso.com\/wp-content\/uploads\/2025\/05\/melopienso-logo-white-1.png","contentUrl":"https:\/\/www.melopienso.com\/wp-content\/uploads\/2025\/05\/melopienso-logo-white-1.png","width":136,"height":33,"caption":"www.melopienso.com"},"image":{"@id":"https:\/\/www.melopienso.com\/#\/schema\/logo\/image\/"}},{"@type":"Person","@id":"https:\/\/www.melopienso.com\/#\/schema\/person\/431729a56194dcfc7971959b836c92c9","name":"admin","image":{"@type":"ImageObject","inLanguage":"en-US","@id":"https:\/\/www.melopienso.com\/#\/schema\/person\/image\/","url":"https:\/\/secure.gravatar.com\/avatar\/c9b74008f296d496ba444bea1e9c9270ecb4c0d2322a2d305f99549bb5ea420f?s=96&d=mm&r=g","contentUrl":"https:\/\/secure.gravatar.com\/avatar\/c9b74008f296d496ba444bea1e9c9270ecb4c0d2322a2d305f99549bb5ea420f?s=96&d=mm&r=g","caption":"admin"},"sameAs":["https:\/\/www.melopienso.com"],"url":"https:\/\/www.melopienso.com\/index.php\/author\/admin\/"}]}},"_links":{"self":[{"href":"https:\/\/www.melopienso.com\/index.php\/wp-json\/wp\/v2\/posts\/263","targetHints":{"allow":["GET"]}}],"collection":[{"href":"https:\/\/www.melopienso.com\/index.php\/wp-json\/wp\/v2\/posts"}],"about":[{"href":"https:\/\/www.melopienso.com\/index.php\/wp-json\/wp\/v2\/types\/post"}],"author":[{"embeddable":true,"href":"https:\/\/www.melopienso.com\/index.php\/wp-json\/wp\/v2\/users\/1"}],"replies":[{"embeddable":true,"href":"https:\/\/www.melopienso.com\/index.php\/wp-json\/wp\/v2\/comments?post=263"}],"version-history":[{"count":1,"href":"https:\/\/www.melopienso.com\/index.php\/wp-json\/wp\/v2\/posts\/263\/revisions"}],"predecessor-version":[{"id":265,"href":"https:\/\/www.melopienso.com\/index.php\/wp-json\/wp\/v2\/posts\/263\/revisions\/265"}],"wp:featuredmedia":[{"embeddable":true,"href":"https:\/\/www.melopienso.com\/index.php\/wp-json\/wp\/v2\/media\/264"}],"wp:attachment":[{"href":"https:\/\/www.melopienso.com\/index.php\/wp-json\/wp\/v2\/media?parent=263"}],"wp:term":[{"taxonomy":"category","embeddable":true,"href":"https:\/\/www.melopienso.com\/index.php\/wp-json\/wp\/v2\/categories?post=263"},{"taxonomy":"post_tag","embeddable":true,"href":"https:\/\/www.melopienso.com\/index.php\/wp-json\/wp\/v2\/tags?post=263"}],"curies":[{"name":"wp","href":"https:\/\/api.w.org\/{rel}","templated":true}]}}